[{"@context":"https:\/\/schema.org\/","@type":"Article","@id":"https:\/\/www.agia.cz\/prijedte-si-k-nam-uzit-wellness\/#Article","mainEntityOfPage":"https:\/\/www.agia.cz\/prijedte-si-k-nam-uzit-wellness\/","headline":"P\u0159ije\u010fte si k n\u00e1m u\u017e\u00edt wellness!","name":"P\u0159ije\u010fte si k n\u00e1m u\u017e\u00edt wellness!","description":"Chcete na p\u00e1r dn\u00ed tak \u0159\u00edkaj\u00edc vypadnout z toho stresu, kter\u00fd dennodenn\u011b za\u017e\u00edv\u00e1te v pr\u00e1ci? Tlaky ze strany veden\u00ed i pod\u0159\u00edzen\u00fdch, po pr\u00e1ci tla\u010denice v obchodech p\u0159i snaze nakoupit si alespo\u0148 n\u011bco solidn\u00edho k ve\u010de\u0159i a doma \u00faklid a p\u0159\u00edprava s d\u011btmi na jejich dal\u0161\u00ed \u0161koln\u00ed den? No a pak u\u017e jenom svalit se na [&hellip;]","datePublished":"2025-04-19","dateModified":"2025-04-19","author":{"@type":"Person","@id":"https:\/\/www.agia.cz\/author\/#Person","name":"","url":"https:\/\/www.agia.cz\/author\/","identifier":1,"image":{"@type":"ImageObject","@id":"https:\/\/secure.gravatar.com\/avatar\/232437c79d6ebbb41eb67b1526ce0bc08ee5047d6b1594dc05abcc3258d8e0b3?s=96&d=mm&r=g","url":"https:\/\/secure.gravatar.com\/avatar\/232437c79d6ebbb41eb67b1526ce0bc08ee5047d6b1594dc05abcc3258d8e0b3?s=96&d=mm&r=g","height":96,"width":96}},"publisher":{"@type":"Organization","name":"agia.cz","logo":{"@type":"ImageObject","@id":"\/logo.png","url":"\/logo.png","width":600,"height":60}},"url":"https:\/\/www.agia.cz\/prijedte-si-k-nam-uzit-wellness\/","wordCount":244,"articleBody":"Chcete na p\u00e1r dn\u00ed tak \u0159\u00edkaj\u00edc vypadnout z toho stresu, kter\u00fd dennodenn\u011b za\u017e\u00edv\u00e1te v pr\u00e1ci? Tlaky ze strany veden\u00ed i pod\u0159\u00edzen\u00fdch, po pr\u00e1ci tla\u010denice v obchodech p\u0159i snaze nakoupit si alespo\u0148 n\u011bco solidn\u00edho k ve\u010de\u0159i a doma \u00faklid a p\u0159\u00edprava s d\u011btmi na jejich dal\u0161\u00ed \u0161koln\u00ed den? No a pak u\u017e jenom svalit se na postel a zkusit usnout, jen\u017ee to nejde, kdy\u017e se V\u00e1m v hlav\u011b v\u00ed\u0159\u00ed my\u0161lenky na to, co v\u0161e budete muset ud\u011blat z\u00edtra a \u017ee je toho je\u0161t\u011b v\u00edce, ne\u017e bylo dnes. Takhle to d\u00e1l nejde! Chce to pauzu od toho v\u0161eho, chce to kvalitn\u00ed odpo\u010dinek! Nab\u00edz\u00edme V\u00e1m dokonal\u00e9 wellness pobyty, vyu\u017eijte jich! S n\u00e1mi je \u017eivot radostn\u011bj\u0161\u00ed Vyu\u017eijte na\u0161i nab\u00eddku a ud\u011blejte si v \u017eivot\u011b pauzu, kterou pot\u0159ebujete k znovunalezen\u00ed vnit\u0159n\u00edho klidu. Ud\u011blejte si dovolenou, p\u0159i kter\u00e9 obnov\u00edte sv\u00e9 rezervo\u00e1ry energie, uvoln\u00edte stresem zatuhl\u00e9 svalstvo a nech\u00e1te se un\u00e1\u0161et na vln\u00e1ch p\u0159\u00edjemn\u00e9 pohody. To v\u0161e pro V\u00e1s dok\u00e1\u017e\u00ed wellness pobyty za\u0159\u00eddit. Sta\u010d\u00ed jen, kdy\u017e se odhodl\u00e1te a vyberete si n\u011bjak\u00fd wellness pobyt z na\u0161\u00ed \u0161irok\u00e9 nab\u00eddky. Nen\u00ed to p\u0159eci nic slo\u017eit\u00e9ho, tak si k n\u00e1m p\u0159ije\u010fte odpo\u010dinout!                                                                                                                                                                                                                                                                                                                                                                                                "},{"@context":"https:\/\/schema.org\/","@type":"BreadcrumbList","itemListElement":[{"@type":"ListItem","position":1,"name":"P\u0159ije\u010fte si k n\u00e1m u\u017e\u00edt wellness!","item":"https:\/\/www.agia.cz\/prijedte-si-k-nam-uzit-wellness\/#breadcrumbitem"}]}]