[{"@context":"https:\/\/schema.org\/","@type":"Article","@id":"https:\/\/www.agia.cz\/moda-pro-zeny-s-sirokymi-boky\/#Article","mainEntityOfPage":"https:\/\/www.agia.cz\/moda-pro-zeny-s-sirokymi-boky\/","headline":"M\u00f3da pro \u017eeny s \u0161irok\u00fdmi boky","name":"M\u00f3da pro \u017eeny s \u0161irok\u00fdmi boky","description":"Pokud m\u00e1 \u017eena \u0161ir\u0161\u00ed boky, rozhodn\u011b by nem\u011bla nosit oble\u010den\u00ed, kter\u00e9 je upnut\u00e9. To stejn\u00e9 plat\u00ed i pro \u017eeny, kter\u00e9 jsou prostorov\u011b v\u00fdrazn\u011bj\u0161\u00ed. \u017deny, kter\u00e9 jsou siln\u011bj\u0161\u00ed, by nikdy nem\u011bly nosit oble\u010den\u00ed, kter\u00e9 je o \u010d\u00edslo nebo dv\u011b men\u0161\u00ed, ne\u017e by m\u011bly nosit. V\u011b\u0159te, \u017ee to opravdu nevypad\u00e1 dob\u0159e. Jsou mu\u017ei, kter\u00e9 dokonce n\u011bco takov\u00e9ho [&hellip;]","datePublished":"2022-04-23","dateModified":"2023-05-03","author":{"@type":"Person","@id":"https:\/\/www.agia.cz\/author\/#Person","name":"","url":"https:\/\/www.agia.cz\/author\/","identifier":1,"image":{"@type":"ImageObject","@id":"https:\/\/secure.gravatar.com\/avatar\/232437c79d6ebbb41eb67b1526ce0bc08ee5047d6b1594dc05abcc3258d8e0b3?s=96&d=mm&r=g","url":"https:\/\/secure.gravatar.com\/avatar\/232437c79d6ebbb41eb67b1526ce0bc08ee5047d6b1594dc05abcc3258d8e0b3?s=96&d=mm&r=g","height":96,"width":96}},"publisher":{"@type":"Organization","name":"agia.cz","logo":{"@type":"ImageObject","@id":"\/logo.png","url":"\/logo.png","width":600,"height":60}},"image":{"@type":"ImageObject","@id":"https:\/\/www.agia.cz\/wp-content\/uploads\/%C5%BEena%20v%20tr%C3%A1v%C4%9B.JPG","url":"https:\/\/www.agia.cz\/wp-content\/uploads\/%C5%BEena%20v%20tr%C3%A1v%C4%9B.JPG","height":0,"width":0},"url":"https:\/\/www.agia.cz\/moda-pro-zeny-s-sirokymi-boky\/","about":["M\u00f3da"],"wordCount":451,"articleBody":"Pokud m\u00e1 \u017eena \u0161ir\u0161\u00ed boky, rozhodn\u011b by nem\u011bla nosit oble\u010den\u00ed, kter\u00e9 je upnut\u00e9. To stejn\u00e9 plat\u00ed i pro \u017eeny, kter\u00e9 jsou prostorov\u011b v\u00fdrazn\u011bj\u0161\u00ed. \u017deny, kter\u00e9 jsou siln\u011bj\u0161\u00ed, by nikdy nem\u011bly nosit oble\u010den\u00ed, kter\u00e9 je o \u010d\u00edslo nebo dv\u011b men\u0161\u00ed, ne\u017e by m\u011bly nosit. V\u011b\u0159te, \u017ee to opravdu nevypad\u00e1 dob\u0159e.Jsou mu\u017ei, kter\u00e9 dokonce n\u011bco takov\u00e9ho velice odrazuje a pokud se v\u00e1m st\u00e1le neda\u0159\u00ed naj\u00edt si drahou polovi\u010dku, m\u016f\u017ee se klidn\u011b st\u00e1t, \u017ee je to pr\u00e1v\u011b kv\u016fli tomu, co nos\u00edte.\u00a0Mnoh\u00fdm mu\u017e\u016fm nevad\u00ed, \u017ee je \u017eena p\u0159i t\u011ble nebo m\u00e1 \u0161ir\u0161\u00ed boky, ale odrazuje je pr\u00e1v\u011b to, \u017ee si na sebe takov\u00e1 \u017eena oble\u010de oble\u010den\u00ed, kter\u00e9 je o n\u011bkolik velikost\u00ed men\u0161\u00ed a tak jdou vid\u011bt v\u011bci, kter\u00e9 by j\u00edt vid\u011bt nem\u011bly.Ka\u017ed\u00e1 \u017eena by m\u011bla za\u010d\u00edt nosit oble\u010den\u00ed ve velikosti, kter\u00e1 v\u0161e zakryje. Na velikosti XS,S a M rad\u011bji zapome\u0148te, pokud m\u00e1te n\u011bjak\u00e9 to kilo nav\u00edc.\u00a0Pokud jsou ve va\u0161em \u0161atn\u00edku pouze v\u011bci, kter\u00e9 kdy\u017e si oble\u010dete, pak jde vid\u011bt skute\u010dn\u011b v\u0161e, m\u011bli byste dan\u00e9 v\u011bci vyhodit a zaj\u00edt na n\u00e1kupy, kde si ka\u017edou v\u011bc, kter\u00e1 se v\u00e1m bude l\u00edbit, vyzkou\u0161\u00edte a pod\u00edv\u00e1te se, jestli nejde nic, co nem\u00e1 j\u00edt vid\u011bt, vid\u011bt.\u00a0M\u016f\u017ee se klidn\u011b st\u00e1t, \u017ee pokud to ud\u011bl\u00e1te t\u00edmto zp\u016fsobem, najednou se na v\u00e1s ji\u017e mu\u017ei nebudou d\u00edvat tak, jak se d\u00edvali d\u0159\u00edve, proto\u017ee najednou nebudou m\u00edt s\u00a0t\u00edm, co m\u00e1te na sob\u011b, probl\u00e9m.\u00a0Jsou \u017eeny, kter\u00e9 si mysl\u00ed, \u017ee kdy\u017e maj\u00ed n\u011bjak\u00e9 to kilo nav\u00edc, stejn\u011b si mohou dovolit chodit v\u00a0oble\u010den\u00ed o velikosti S. Bohu\u017eel to tak nen\u00ed.Nen\u00ed nic \u0161patn\u00e9ho na tom, kdy\u017e m\u00e1 \u017eena n\u011bjak\u00e9 to kilo nav\u00edc. Jsou mu\u017ei, kte\u0159\u00ed maj\u00ed takov\u00e9 \u017eeny mnohem rad\u011bji, ale dan\u00e9 \u017eeny by se podle toho m\u011bly obl\u00e9kat.\u00a0Dnes je mnoho obchod\u016f, kter\u00e9 nab\u00edzej\u00ed velmi p\u011bkn\u00e9 v\u011bci a to jak pro \u017eeny \u0161t\u00edhl\u00e9, tak i ty siln\u011bj\u0161\u00ed, ale je pot\u0159eba naj\u00edt si takovou velikost, kter\u00e1 v\u00e1m bude sed\u011bt a kter\u00e1 skute\u010dn\u011b zakryje v\u0161e, co m\u00e1 b\u00fdt zakryto.\u00a0Uvid\u00edte, \u017ee mo\u017en\u00e1 i vy se budete c\u00edtit daleko l\u00e9pe ve velikosti, kter\u00e1 je pro v\u00e1s ta spr\u00e1vn\u00e1.                                                                                                                                                                                                                                                                                                                                                                                        4.3\/5 - (3 votes)        "},{"@context":"https:\/\/schema.org\/","@type":"BreadcrumbList","itemListElement":[{"@type":"ListItem","position":1,"name":"M\u00f3da pro \u017eeny s \u0161irok\u00fdmi boky","item":"https:\/\/www.agia.cz\/moda-pro-zeny-s-sirokymi-boky\/#breadcrumbitem"}]}]